{"id":1747,"date":"2020-06-08T09:43:54","date_gmt":"2020-06-08T09:43:54","guid":{"rendered":"https:\/\/oferplan.abc.es\/blog\/?p=1747"},"modified":"2024-05-30T06:45:00","modified_gmt":"2024-05-30T06:45:00","slug":"apertura-cines-de-verano-autocine-madrid","status":"publish","type":"post","link":"\/blog\/eventos\/apertura-cines-de-verano-autocine-madrid\/","title":{"rendered":"Apertura de Cines de Verano y Autocine de Madrid"},"content":{"rendered":"<p>\u00a1Ya queda menos para la <strong>apertura de cines de verano en Madrid<\/strong>! Adem\u00e1s, desde hace unas semanas el autocine de Madrid ya est\u00e1 en funcionamiento.<\/p>\n<p>La crisis del COVID-19 va a suponer cambios en la forma de consumir cine y otros productos culturales. En estos momentos, exceptuando el <strong>Autocine<\/strong>, el resto de cines de verano en Madrid est\u00e1n pendientes de licitaci\u00f3n, ya que hasta su llegada a esta fase no pod\u00edan pedir el permiso.<\/p>\n<p>Por ello, aunque durante otros a\u00f1os ya pod\u00edamos disfrutar de los cines de verano desde principios de junio, lo m\u00e1s probable es que la <strong>reapertura de los cines de verano en Madrid<\/strong> se d\u00e9 durante julio <a href=\"https:\/\/www.madrid.es\/portales\/munimadrid\/es\/Inicio\/El-Ayuntamiento\/Notas-de-prensa\/Vuelven-los-cines-de-verano-a-Madrid-con-recomendaciones-para-los-usuarios-y-obligaciones-para-los-contratistas\/?vgnextfmt=default&amp;vgnextoid=2f859d2c49062710VgnVCM1000001d4a900aRCRD&amp;vgnextchannel=6091317d3d2a7010VgnVCM100000dc0ca8c0RCRD\" target=\"_blank\" rel=\"noopener noreferrer\">seg\u00fan ha informado el Ayuntamiento<\/a>.<\/p>\n<p>Para hacer frente al coronavirus, se pondr\u00e1 dos metros de separaci\u00f3n entre los asientos, as\u00ed como habr\u00e1 desinfectantes a la entrada y salida del recinto. Por otra parte, los WC port\u00e1tiles estar\u00e1n prohibidos para evitar potenciales riesgos.<\/p>\n<p>Tambi\u00e9n se dar\u00e1n mascarillas al entrar en el recinto.<\/p>\n<p>En este art\u00edculo hacemos un repaso por los distintos cines de verano en Madrid pendientes de reapertura y el tipo de pel\u00edculas que proyectan para ir prepar\u00e1ndonos para el momento en el que podamos disfrutar de las mejores pel\u00edculas de ayer, hoy y siempre bajo las estrellas.<\/p>\n<h2><strong>Autocine Madrid Race<\/strong><\/h2>\n<p>Las caracter\u00edsticas especiales del <a href=\"https:\/\/autocinesmadrid.es\/\"><strong>Autocine Madrid Race<\/strong><\/a> hizo que fuera el \u00fanico cine de Espa\u00f1a que pudo abrir durante la fase 1. Emitieron <strong>Grease<\/strong>, una de las mejores pel\u00edculas que se pueden ver en un cine de este tipo.<\/p>\n<p>Las caracter\u00edsticas del autocine, donde se ven las pel\u00edculas desde el propio veh\u00edculo sin tener que tener contacto con otras personas, lo convirtieron en la opci\u00f3n perfecta para esta primera fase de desescalada y sigue siendo una opci\u00f3n muy recomendable para los siguientes pasos.<\/p>\n<p>Si tenemos miedo al contagio o no nos apetece ver una pel\u00edcula con la mascarilla puesta, el Autocine es la opci\u00f3n m\u00e1s recomendada. Adem\u00e1s, se puede pedir comida por medio de una aplicaci\u00f3n m\u00f3vil, de manera que te la lleven directamente a tu coche sin tener que salir y relacionarte con otras personas.<\/p>\n<p><img loading=\"lazy\" class=\"alignnone wp-image-1749 size-full\" title=\"Cine de verano 2020\" src=\"https:\/\/oferplan.abc.es\/blog\/wp-content\/uploads\/sites\/10\/2020\/06\/autocine.jpg\" alt=\"Autocine Madrid RACE\" width=\"660\" height=\"335\" \/><\/p>\n<p>En cuanto a la cartelera para este verano, se emitir\u00e1n pel\u00edculas cl\u00e1sicas como <strong>Pulp Fiction<\/strong>, <strong>Rita\u2019s Lunch<\/strong>, <strong>Grease<\/strong>, <strong>Los Cazafantasmas 2<\/strong>, <strong>Los Goonies<\/strong>, <strong>Mamma Mia!<\/strong> o <strong>La La Land<\/strong>.<\/p>\n<p>Otra de las caracter\u00edsticas es que podemos comprar diferentes tipos de entradas desde individuales a packs familiares, con cena o palomitas.<\/p>\n<p><strong>Direcci\u00f3n<\/strong>: Calle de la Isla de Java, 2, 28034 Madrid<\/p>\n<h2><strong>Cine de verano La Casa Encendida<\/strong><\/h2>\n<p>Otro de los <strong>cines de verano de Madrid<\/strong> que se repiten cada a\u00f1o es el de La Casa Encendida. Este centro cultural apuesta por el cine durante todo el a\u00f1o y tambi\u00e9n lo ha hecho durante la cuarentena.<\/p>\n<p>En este caso, gracias a una alianza con <strong>Filmin<\/strong>, han establecido un canal online para seguir poniendo sus ciclos tem\u00e1ticos de pel\u00edculas.<\/p>\n<p>Esta es una de las caracter\u00edsticas que siempre han caracterizado las pel\u00edculas proyectadas en <a href=\"https:\/\/www.lacasaencendida.es\/\" target=\"_blank\" rel=\"noopener noreferrer\"><strong>La Casa Encendida<\/strong><\/a> y es que se suscriben a un ciclo en concreto.<\/p>\n<p><img loading=\"lazy\" class=\"alignnone wp-image-1751 size-large\" title=\"Cine de verano 2020\" src=\"https:\/\/oferplan.abc.es\/blog\/wp-content\/uploads\/sites\/10\/2020\/06\/cine-de-verano-la-casa-encendida-1024x576.jpg\" alt=\"Cine de verano La casa encendida\" width=\"629\" height=\"354\" \/><\/p>\n<p>Por ejemplo, en el cine de verano del a\u00f1o pasado, la tem\u00e1tica fue sobre el cine basado en el comic, con todo tipo de filmes que cumpl\u00edan estas caracter\u00edsticas.<\/p>\n<p>Para este a\u00f1o a\u00fan no sabemos qu\u00e9 tem\u00e1tica ser\u00e1 la que se lleve a cabo en el cine de verano, que tendr\u00e1 que esperar al menos a que empiece julio. Durante junio, de momento, se lleva a cabo el <strong>FILMADRID on<\/strong> o <strong>Festival de Cine Internacional de Madrid<\/strong>, con las pel\u00edculas disponibles en <strong>Filmin<\/strong> hasta el 30 de junio.<\/p>\n<p><strong>Direcci\u00f3n<\/strong>: Ronda de Valencia, 2, 28012 Madrid<\/p>\n<h2><strong>Cine de Verano Conde Duque<\/strong><\/h2>\n<p>El <a href=\"https:\/\/www.condeduquemadrid.es\/actividades\/cine-de-verano-conde-duque\" target=\"_blank\" rel=\"noopener noreferrer\"><strong>cine de verano Conde Duque<\/strong><\/a>, que se celebra cada a\u00f1o en el patio sur del <strong>Cine Conde Duque<\/strong>, es otro de los eventos m\u00e1s esperados con la llegada del buen tiempo.<\/p>\n<p>Aunque generalmente suele comenzar ya empezado julio, sus caracter\u00edsticas \u00fanicas lo convierten en una de las mejores opciones de <strong>ocio para el verano en Madrid<\/strong>.<\/p>\n<p>En este caso, encontramos tres tipos de filmes principalmente. Por una parte, pel\u00edculas infantiles como <strong>Mi vecino Totoro<\/strong>,<strong> Toy Story 4 <\/strong>o <strong>Gremlins<\/strong>, por otra, pel\u00edculas de autor como <strong>La Ley del Deseo<\/strong> o <strong>Carmen y Lola<\/strong> y, por \u00faltimo, pel\u00edculas en el formato <em>sing along<\/em>.<\/p>\n<p><img loading=\"lazy\" class=\"alignnone wp-image-1752 size-full\" title=\"Cine de verano 2020\" src=\"https:\/\/oferplan.abc.es\/blog\/wp-content\/uploads\/sites\/10\/2020\/06\/cine-de-verano-conde-duque.jpg\" alt=\"Cine de verano Conde Duque\" width=\"960\" height=\"639\" \/><\/p>\n<p>Las pel\u00edculas sing along son pel\u00edculas que se emiten en formato karaoke para que todos los asistentes pueden cantar las canciones de las mismas. Suelen ser pel\u00edculas musicales como <strong>Grease<\/strong>, <strong>Bohemian Rapsody<\/strong>, etc\u2026<\/p>\n<p>Cantar tus pel\u00edculas favoritas con otros muchos fans suena a plan infalible para disfrutar de una inolvidable noche de verano.<\/p>\n<p><strong>Direcci\u00f3n<\/strong>: Calle del Conde Duque, 11, 28015 Madrid<\/p>\n<h2><strong>Cine de Verano Cibeles de Cine<\/strong><\/h2>\n<p>Aunque es reciente, el cine de verano del <strong>Palacio de Cibeles<\/strong> se ha convertido el gran referente de estos cines en la capital. Proyectando la pel\u00edcula en un patio interior techado del famoso edificio madrile\u00f1o, la majestuosidad del entorno ya hace que merezca la pena.<\/p>\n<p>Tambi\u00e9n pendiente de restructuraci\u00f3n en esta nueva normalidad, ya que en este caso se utilizaban cascos con auriculares para tener la mejor calidad de audio, se espera que pronto sepamos tanto la fecha de reapertura del cine de verano como la cartelera.<\/p>\n<p><img loading=\"lazy\" class=\"alignnone wp-image-1753 size-large\" title=\"Cine de verano 2020\" src=\"https:\/\/oferplan.abc.es\/blog\/wp-content\/uploads\/sites\/10\/2020\/06\/cine-de-verano-cibeles-1024x467.jpg\" alt=\"Cine de verano Cibeles\" width=\"629\" height=\"287\" \/><\/p>\n<p>En este caso, hay una gran variedad entre los t\u00edtulos seleccionados que suelen incluir todo tipo de g\u00e9neros y \u00e9pocas para llegar al mayor n\u00famero de espectadores posibles con <a href=\"https:\/\/www.centrocentro.org\/programa-publico\/cibeles-de-cine\" target=\"_blank\" rel=\"noopener noreferrer\"><strong>Cibeles de Cine<\/strong><\/a>.<\/p>\n<p>Por ejemplo, pel\u00edculas espa\u00f1olas como <strong>Carmen y Lola<\/strong>, <strong>El Reino<\/strong>, <strong>Qui\u00e9n Te Cantar\u00e1<\/strong> o <strong>Dolor y Gloria<\/strong>, infantiles como <strong>Dumbo<\/strong> o \u00e9xitos internacionales como <strong>La Favorita<\/strong>, <strong>Bohemian Rapsody<\/strong>, <strong>Green Book<\/strong> o <strong>Ha Nacido una estrella<\/strong>.<\/p>\n<p>Adem\u00e1s de \u00e9xitos del \u00faltimo a\u00f1o, tambi\u00e9n se emiten grandes cl\u00e1sicos como <strong>Eva al desnudo, La semilla del diablo<\/strong>, <strong>Sonrisas y L\u00e1grimas<\/strong> o <strong>Cleopatra<\/strong>. Muchas de estas pel\u00edculas se emiten en versi\u00f3n original con subt\u00edtulos en castellano.<\/p>\n<p>Pel\u00edculas para todos los gustos en un cine de verano espectacular, c\u00f3modo y de \u00faltima generaci\u00f3n con imagen de alta definici\u00f3n y exposiciones y actividades paralelas relacionadas con algunos de los t\u00edtulos.<\/p>\n<p><strong>Direcci\u00f3n<\/strong>: Plaza Cibeles, 1, 28014 Madrid<\/p>\n<h2><strong>Cine de Verano &#8216;Fescinal&#8217; \u2013 Cine en La Bombilla<\/strong><\/h2>\n<p>Otra de las opciones de <strong>reaperturas de cines de verano en Madrid<\/strong> m\u00e1s esperadas es el <a href=\"http:\/\/www.fescinal.es\/\" target=\"_blank\" rel=\"noopener noreferrer\"><strong>Fescinal<\/strong><\/a> o <strong>Cine en la Bombilla<\/strong>. Estamos ante un festival de cine de verano que ha pasado por distintas zonas y parques de la ciudad como el Parque del Retiro o el Templo de Debod antes de encontrar su ubicaci\u00f3n definitiva en el Parque de la Bombilla.<\/p>\n<p>Este <strong>Cine de Verano en Madrid<\/strong> ha sido uno de los que ha confirmado que volver\u00e1 a proyectar pel\u00edculas una vez que el Ayuntamiento lo permita en julio, agosto y septiembre, <a href=\"https:\/\/twitter.com\/Fescinal\/status\/1268164129883373568\" target=\"_blank\" rel=\"noopener noreferrer\">seg\u00fan han informado en su cuenta de Twitter<\/a>.<\/p>\n<p><img loading=\"lazy\" class=\"alignnone wp-image-1754 size-full\" title=\"Cine de verano 2020\" src=\"https:\/\/oferplan.abc.es\/blog\/wp-content\/uploads\/sites\/10\/2020\/06\/cine-de-verano-parque-de-la-bombilla.jpg\" alt=\"Cine de verano parque de la bombilla\" width=\"700\" height=\"420\" \/><\/p>\n<p>Una de las caracter\u00edsticas de <strong>Fescinal<\/strong> es que cuentan con dos pantallas diferentes, proyect\u00e1ndose m\u00e1s de 100 pel\u00edculas cada verano. Aunque a\u00fan no se conocen los t\u00edtulos que se emitir\u00e1n, siempre apuestan por una amplia variedad, haciendo que haya un t\u00edtulo ideal para cada persona en las noches de verano madrile\u00f1o.<\/p>\n<p>El <strong>Fescinal<\/strong> o <strong>Festival de Cine al Aire Libre<\/strong> ha tra\u00eddo a la cartelera pel\u00edculas como <strong>Green Book<\/strong>, <strong>Una cuesti\u00f3n de g\u00e9nero<\/strong> o <strong>Sobre Ruedas<\/strong>, entre otras muchas opciones.<\/p>\n<p><strong>Direcci\u00f3n<\/strong>: Av. de Valladolid, SN, 28008 Madrid<\/p>\n<h2><strong>Cine de Verano en Malasa\u00f1a<\/strong><\/h2>\n<p>Es otra de las citas cl\u00e1sicas del verano. El <strong>Solar Maravillas <\/strong>de <strong>Malasa\u00f1a<\/strong>, un espacio autogestionado, suele programar algunas pel\u00edculas en las noches de julio y agosto.<\/p>\n<p>Tras un intento de desalojo parado por los vecinos durante el mes de marzo, todav\u00eda no se ha decidido si el cine volver\u00e1 a sus pantallas. Esperamos que s\u00ed, ya que en este cine de verano se suelen proyectar grandes cl\u00e1sicos y pel\u00edculas alternativas e independientes que no llegan al resto de cines de verano de la ciudad.<\/p>\n<p><img loading=\"lazy\" class=\"alignnone wp-image-1755 size-large\" title=\"Cine de verano 2020\" src=\"https:\/\/oferplan.abc.es\/blog\/wp-content\/uploads\/sites\/10\/2020\/06\/solar-maravillas-malasa\u00f1a-1024x597.jpg\" alt=\"Solar Maravillas \" width=\"629\" height=\"367\" \/><\/p>\n<p>Puedes comprobar la programaci\u00f3n en su <a href=\"https:\/\/twitter.com\/spamaravillas\" target=\"_blank\" rel=\"noopener noreferrer\">cuenta de Twitter<\/a>, donde van colocando todas las actividades que se hacen en el solar.<\/p>\n<p>Para hacerse una idea del tipo de cine que se proyecta en este cine de verano de Madrid, el drama musical <strong>B\u00e1rbara<\/strong> de <strong>Mathieu Amalric<\/strong>, la pel\u00edcula infantil <strong>La vida de Calabac\u00edn<\/strong> de <strong>Claude Barras<\/strong> o el documental <strong>Irioweniasi. El hilo de la luna<\/strong> fueron algunas de las obras proyectadas.<\/p>\n<p><strong>Direcci\u00f3n<\/strong>: Calle de Antonio Grilo, 8, 28015 Madrid<\/p>\n<h2><strong>Cine de Verano &#8216;Cl\u00e1sicos de Terror bajo las estrellas&#8217;<\/strong><\/h2>\n<p>Otro de los<strong> cines de verano en Madrid <\/strong>que deber\u00edan abrir durante julio de 2020 es el situado en el <strong>Complejo del \u00c1guila<\/strong>, junto a la estaci\u00f3n de Delicias.<\/p>\n<p>Dependiente del Ayuntamiento de Madrid y pendiente de licitaci\u00f3n en estos momentos, en a\u00f1os anteriores han puesto en marcha el ciclo de \u201c<strong>Cl\u00e1sicos de Terror bajo las estrellas<\/strong>\u201d.<\/p>\n<p><img loading=\"lazy\" class=\"alignnone wp-image-1756 size-full\" title=\"Cine de verano 2020\" src=\"https:\/\/oferplan.abc.es\/blog\/wp-content\/uploads\/sites\/10\/2020\/06\/complejo-el-aguila.jpg\" alt=\"Complejo el \u00c1guila\" width=\"660\" height=\"335\" \/><\/p>\n<p>Una de sus ventajas es que la entrada es totalmente gratuita y permite disfrutar no solo de grandes cl\u00e1sicos como <strong>Carrie<\/strong> sino tambi\u00e9n de pel\u00edculas m\u00e1s recientes como <strong>D\u00e9jame entrar<\/strong> que se convirtieron en cl\u00e1sicos tras estrenarse.<\/p>\n<p>Con un hueco tambi\u00e9n para el cine espa\u00f1ol con pel\u00edculas como la saga <strong>Rec<\/strong>, se trata de una forma estupenda de amenizarnos (y aterrorizarnos) las noches de verano, con grandes filmes de terror en un entorno fant\u00e1stico.<\/p>\n<p><strong>Direcci\u00f3n<\/strong>: Calle de Ram\u00edrez de Prado, 3, 28045 Madrid<\/p>\n<p>Estos son solo algunos de los cines de verano que tendr\u00e1n reapertura en Madrid, si bien<strong> los distritos organizan otras opciones<\/strong> que probablemente tambi\u00e9n vuelvan a realizarse en espacios como el Centro Sociocultural Marconi, el Parque Huerta del Obispo y la Plaza de los Pinazo en Villaverde, entre otros.<\/p>\n<p>Tambi\u00e9n en los <strong>pueblos de la Comunidad de Madrid<\/strong> hay diferentes cines de verano que preparan su reapertura, pudi\u00e9ndolo consular en esta <a href=\"http:\/\/www.madrid.org\/cinedeverano\/2019\/circuito-municipios.html\" target=\"_blank\" rel=\"noopener noreferrer\">p\u00e1gina web<\/a>.<\/p>\n","protected":false},"excerpt":{"rendered":"<p>\u00a1Ya queda menos para la apertura de cines de verano en Madrid! Adem\u00e1s, desde hace unas semanas el autocine de Madrid ya est\u00e1 en funcionamiento. La crisis del COVID-19 va a suponer cambios en la forma de consumir cine y otros productos culturales. En estos momentos, exceptuando el Autocine, el resto de cines de verano [&hellip;]<\/p>\n","protected":false},"author":22,"featured_media":1758,"comment_status":"closed","ping_status":"open","sticky":false,"template":"","format":"standard","meta":[],"categories":[4],"tags":[],"amp_enabled":true,"_links":{"self":[{"href":"\/blog\/wp-json\/wp\/v2\/posts\/1747"}],"collection":[{"href":"\/blog\/wp-json\/wp\/v2\/posts"}],"about":[{"href":"\/blog\/wp-json\/wp\/v2\/types\/post"}],"author":[{"embeddable":true,"href":"\/blog\/wp-json\/wp\/v2\/users\/22"}],"replies":[{"embeddable":true,"href":"\/blog\/wp-json\/wp\/v2\/comments?post=1747"}],"version-history":[{"count":3,"href":"\/blog\/wp-json\/wp\/v2\/posts\/1747\/revisions"}],"predecessor-version":[{"id":1757,"href":"\/blog\/wp-json\/wp\/v2\/posts\/1747\/revisions\/1757"}],"wp:featuredmedia":[{"embeddable":true,"href":"\/blog\/wp-json\/wp\/v2\/media\/1758"}],"wp:attachment":[{"href":"\/blog\/wp-json\/wp\/v2\/media?parent=1747"}],"wp:term":[{"taxonomy":"category","embeddable":true,"href":"\/blog\/wp-json\/wp\/v2\/categories?post=1747"},{"taxonomy":"post_tag","embeddable":true,"href":"\/blog\/wp-json\/wp\/v2\/tags?post=1747"}],"curies":[{"name":"wp","href":"https:\/\/api.w.org\/{rel}","templated":true}]}}