{"id":2311,"date":"2021-01-12T16:49:18","date_gmt":"2021-01-12T16:49:18","guid":{"rendered":"https:\/\/oferplan.abc.es\/blog\/?p=2311"},"modified":"2024-05-30T06:44:40","modified_gmt":"2024-05-30T06:44:40","slug":"exposicion-animacion-madrid","status":"publish","type":"post","link":"\/blog\/eventos\/exposicion-animacion-madrid\/","title":{"rendered":"Animaci\u00f3n.es: Una historia en una exposici\u00f3n"},"content":{"rendered":"<p><img loading=\"lazy\" class=\"alignnone wp-image-2316 size-large\" title=\"exposicion animacion madrid\" src=\"https:\/\/oferplan.abc.es\/blog\/wp-content\/uploads\/sites\/10\/2021\/01\/animacion-madrid-exposicion-1024x576.jpg\" alt=\"Cartel de la Exposici\u00f3n Animaci\u00f3n.es\" width=\"629\" height=\"354\" \/><\/p>\n<p><strong>Animaci\u00f3n.es: Una historia en una exposici\u00f3n<\/strong> es una de las <strong>exposiciones en Madrid<\/strong> m\u00e1s interesantes para este comienzo del a\u00f1o 2021.<\/p>\n<p>Se trata de exposici\u00f3n del <a href=\"https:\/\/museo.abc.es\/\" target=\"_blank\" rel=\"noopener noreferrer\"><strong>Museo ABC de Dibujo e Ilustraci\u00f3n<\/strong><\/a> que se podr\u00e1 ver en la <strong>Imprenta Municipal-Artes del Libro de Madrid <\/strong>hasta el pr\u00f3ximo mes de abril.<\/p>\n<p>Una forma perfecta para conocer m\u00e1s a fondo la historia de la animaci\u00f3n en Espa\u00f1a, a la vez que descubrimos un edificio hist\u00f3rico clave en la historia municipal de Madrid.<\/p>\n<p>De car\u00e1cter gratuito, la exposici\u00f3n est\u00e1 comisariada por <strong>Jos\u00e9 Antonio Rodr\u00edguez D\u00edaz<\/strong> <strong>y Samuel Vi\u00f1olo Locubiche<\/strong>, que acercan a sus visitantes tanto la historia de la animaci\u00f3n en Espa\u00f1a como un mont\u00f3n de elementos relacionados como <em>merchandising<\/em>, juguetes, cromos, etc\u2026<\/p>\n<p>Una forma de conocer de forma amena y divertida una parte de nuestra historia audiovisual, ideal para visitar con toda la familia. Los m\u00e1s peque\u00f1os de la casa podr\u00e1n comprobar cu\u00e1nto ha cambiado la animaci\u00f3n desde la primera pel\u00edcula que se hizo hasta la m\u00e1s actual, permitiendo a los mayores revivir tambi\u00e9n a los personajes m\u00e1s especiales de nuestra infancia.<\/p>\n<p><strong>Animaci\u00f3n.es: Una historia en exposici\u00f3n<\/strong> es tambi\u00e9n una oportunidad de poner en valor una industria a menudo desconocida pero que se ha hecho un hueco entre las mejores de Europa desde su nacimiento.<\/p>\n<p>Una forma de echar la vista atr\u00e1s y tambi\u00e9n hacia adelante, comprobando de primera mano la situaci\u00f3n de la animaci\u00f3n en Espa\u00f1a, en una exposici\u00f3n que nunca se hab\u00eda realizado anteriormente.<\/p>\n<h2><strong>\u00bfQu\u00e9 podremos ver en Animaci\u00f3n.es?<\/strong><\/h2>\n<p><img loading=\"lazy\" class=\"alignnone wp-image-2318 size-full\" title=\"exposicion animacion madrid\" src=\"https:\/\/oferplan.abc.es\/blog\/wp-content\/uploads\/sites\/10\/2021\/01\/animacion-madrid-fruitis.jpg\" alt=\"Escena de Los Fruitis, los dibujos animados de nuestra infancia\" width=\"600\" height=\"419\" \/><\/p>\n<p><strong>Animaci\u00f3n.es: Una historia en exposici\u00f3n<\/strong> ofrece todo tipo de material relacionado con la historia de la animaci\u00f3n en Espa\u00f1a.<\/p>\n<p>Los asistentes a esta <strong>exposici\u00f3n gratuita en Madrid<\/strong> podr\u00e1n ver todos esos elementos que dan forma a una pel\u00edcula de animaci\u00f3n y que normalmente no se ven. Tendr\u00e1n ante sus ojos bocetos, storyboards, dibujos e incluso acetatos que se creaban antes de construir la pel\u00edcula.<\/p>\n<p>Una manera muy interesante de conocer tambi\u00e9n el proceso de creaci\u00f3n de la animaci\u00f3n en general, as\u00ed como la evoluci\u00f3n que se ha producido al respecto durante las \u00faltimas d\u00e9cadas.<\/p>\n<p>Por supuesto, no solo se ve este tipo de material in\u00e9dito sino tambi\u00e9n fotogramas originales y fragmentos de las propias pel\u00edculas. De esta manera, se podr\u00e1 disfrutar tanto del antes del proceso como del resultado, tray\u00e9ndonos recuerdos sea cu\u00e1l sea nuestra edad.<\/p>\n<p>Y es que Animaci\u00f3n.es: Una historia en exposici\u00f3n recorre toda la historia de este arte audiovisual en Espa\u00f1a. Desde los primeros largometrajes animados infantiles de los a\u00f1os 40 del siglo XX hasta las series m\u00e1s novedosas como <strong>Pocoy\u00f3<\/strong> o alcanzar el cine digital.<\/p>\n<p>En el camino no se olvidan de la animaci\u00f3n para adultos, encontr\u00e1ndose la primera pel\u00edcula de este tipo en Espa\u00f1a en la d\u00e9cada de los 70, de las series infantiles de los 80 y de personajes inolvidables como <strong>Mofli el Koala<\/strong> o <strong>los Fruitis<\/strong>.<\/p>\n<p>No podemos olvidar que el cine de animaci\u00f3n espa\u00f1ol es uno de los m\u00e1s antiguos de Europa y sus caracter\u00edsticas van mucho m\u00e1s all\u00e1 de ser simplemente cine de animaci\u00f3n infantil de car\u00e1cter local.<\/p>\n<p>La muestra va desde mediados del siglo XX hasta las dos primeras d\u00e9cadas del siglo XXI, permitiendo una perspectiva global de lo que ha sido la animaci\u00f3n en Espa\u00f1a.<\/p>\n<p>Adem\u00e1s, la animaci\u00f3n cuenta con todo tipo de productos relacionados que tambi\u00e9n podremos ver en esta fant\u00e1stica <strong>exposici\u00f3n gratuita en Madrid<\/strong>. Hablamos de diferentes materiales de promoci\u00f3n como juguetes, carteles, cromos y otros elementos que nos permiten ver la importancia que ha tenido este tipo de cine en nuestro pa\u00eds.<\/p>\n<p>Desde luego, la exposici\u00f3n es lo suficientemente interesante para acercarse hasta el centro de Madrid y visitar las instalaciones de la Imprenta Municipal.<\/p>\n<h2><strong>La animaci\u00f3n espa\u00f1ola, una animaci\u00f3n de primera<\/strong><\/h2>\n<p><img loading=\"lazy\" class=\"alignnone wp-image-2321 size-full\" title=\"exposicion animacion madrid\" src=\"https:\/\/oferplan.abc.es\/blog\/wp-content\/uploads\/sites\/10\/2021\/01\/Garbancito-de-la-Mancha-animacion-madrid.jpg\" alt=\"Garbancito de la Mancha\" width=\"1185\" height=\"629\" \/><\/p>\n<p>Aunque ya hubo precursores en la animaci\u00f3n espa\u00f1ola en la primera mitad del siglo XX, fue con la creaci\u00f3n de los <strong>Estudios Animados Chamart\u00edn<\/strong> en 1942 en Madrid cuando esta disciplina comienza a tener \u00e9xito y trabajarse de forma continua.<\/p>\n<p>En 1945 llegar\u00eda <strong>Garbancito de la Mancha<\/strong>, que fue el primer largometraje de animaci\u00f3n en espa\u00f1ol (los anteriores hab\u00edan sido cortometrajes) y tambi\u00e9n el primero en color de toda Europa. Esta tendencia de ser los pioneros se mantendr\u00e1 durante todo el siglo XX y principios del XXI.<\/p>\n<p>A partir del a\u00f1o 50 ya encontramos grandes cl\u00e1sicos que se recuerdan a\u00fan hoy como <strong>la Familia Teler\u00edn<\/strong>. Aunque si hay un elemento famoso de nuestra animaci\u00f3n es su uni\u00f3n con el comic en las diferentes pel\u00edculas de <strong>Mortadelo y Filem\u00f3n<\/strong> (1969, 1970 y 2014).<\/p>\n<p>Los personajes m\u00e1s espa\u00f1oles como <strong>El Cid<\/strong> (2003), <strong>Los Reyes Magos<\/strong> (2003), el <strong>Rat\u00f3n P\u00e9rez<\/strong> (2008) o <strong>Don Quijote<\/strong> (2007) fueron los protagonistas de la primera d\u00e9cada del siglo XX, en el que se dejaban atr\u00e1s los grandes cl\u00e1sicos universales y se apostaba por figuras de nuestra propia cultura.<\/p>\n<p>La segunda d\u00e9cada del siglo XXI destac\u00f3 por un incre\u00edble salto internacional, con pel\u00edculas que hicieron grandes taquillas tambi\u00e9n fuera de Espa\u00f1a. La primera fue un a\u00f1o antes, en 2009, con <strong>Planet 51<\/strong>, que se convirti\u00f3 en la pel\u00edcula espa\u00f1ola m\u00e1s taquillera en el mundo de dicho a\u00f1o.<\/p>\n<p><strong>Las aventuras de Tadeo Jones<\/strong> (2012) y <strong>Tadeo Jones 2: El secreto del Rey Midas<\/strong> (2017) siguieron esta l\u00ednea siendo adem\u00e1s aclamadas por la cr\u00edtica. La primera pel\u00edcula conseguir\u00eda adem\u00e1s del Goya a mejor animaci\u00f3n, tambi\u00e9n el Goya a mejor guion adaptado y a mejor direcci\u00f3n novel, siendo la primera pel\u00edcula de animaci\u00f3n en conseguir estos galardones.<\/p>\n<p>En cu\u00e1nto a la respuesta del p\u00fablico, <strong>Las aventuras de Tadeo Jones<\/strong> consiguieron adem\u00e1s ser la pel\u00edcula espa\u00f1ola con la media de recaudaci\u00f3n por copia de una pel\u00edcula m\u00e1s alta de la historia.<\/p>\n<p>Sin embargo, para ver el mayor \u00e9xito de la animaci\u00f3n espa\u00f1ola hay que seguir hasta el a\u00f1o 2019 con<a href=\"https:\/\/www.abc.es\/play\/cine\/oscars\/abci-milagro-espanol-klaus-oscar-202002090111_noticia.html\" target=\"_blank\" rel=\"noopener noreferrer\"><strong> Klaus<\/strong><\/a>. La pel\u00edcula de <strong>Sergio Pablos<\/strong> para Netflix no solo fue un gran \u00e9xito en la plataforma, sino que se convirti\u00f3 en la primera pel\u00edcula espa\u00f1ola en estar nominada a mejor pel\u00edcula de animaci\u00f3n en los Oscar.<\/p>\n<p>En la exposici\u00f3n, podremos ver este recorrido de la animaci\u00f3n espa\u00f1ola, siempre creciente hasta el gran \u00e9xito con el que cuenta en la actualidad.<\/p>\n<h2><strong>Normas de prevenci\u00f3n antiCOVID-19<\/strong><\/h2>\n<p>Esta exposici\u00f3n gratuita en la <strong>Imprenta Municipal-Artes del Libro de Madrid<\/strong> cumple con todas las normas de prevenci\u00f3n frente al coronavirus.<\/p>\n<p>La exposici\u00f3n cuenta con un <strong>l\u00edmite de aforo<\/strong>, que habr\u00e1 que respetar en todo momento. Adem\u00e1s, las visitas no podr\u00e1n realizarse en grupos de m\u00e1s de seis personas, incluyendo al gu\u00eda o monitor en caso de haber uno.<\/p>\n<p>La <strong>mascarilla es obligatoria<\/strong>, as\u00ed como la <strong>desinfecci\u00f3n con gel hidroalcoh\u00f3lico<\/strong> a la hora de entrar a la exposici\u00f3n, con un dispensador que se encuentra a la entrada del recinto. Una vez viendo la misma, habr\u00e1 que <strong>mantener la distancia de seguridad de 1,5 metros<\/strong>, as\u00ed como en las zonas de espera.<\/p>\n<p>Igualmente, no habr\u00e1 disponibles folletos ni ning\u00fan otro tipo de material en papel, teniendo que consultarse digitalmente en todo caso, para evitar riesgos innecesarios.<\/p>\n<h2><strong>La Imprenta Municipal-Artes del Libro<\/strong><\/h2>\n<p>La <a href=\"https:\/\/www.madrid.es\/portales\/munimadrid\/es\/Inicio\/Cultura-ocio-y-deporte\/Cultura-y-ocio\/Imprenta-Municipal-Artes-del-Libro\/?vgnextfmt=default&amp;vgnextoid=b21d6b17c90ac010VgnVCM1000000b205a0aRCRD&amp;vgnextchannel=c937f073808fe410VgnVCM2000000c205a0aRCRD\" target=\"_blank\" rel=\"noopener noreferrer\"><strong>Imprenta Municipal-Artes del Libro<\/strong><\/a> es un espacio con una larga historia. Parte de la red de Museos Municipales de Madrid, tiene como objetivo la conservaci\u00f3n y divulgaci\u00f3n de las t\u00e9cnicas tradicionales de impresi\u00f3n y encuadernaci\u00f3n del libro.<\/p>\n<p>Adem\u00e1s, trata de ser un centro de referencia para las artes relacionadas con la impresi\u00f3n, como en este caso con la ilustraci\u00f3n y la animaci\u00f3n en esta exposici\u00f3n auspiciada por el <strong>Museo ABC<\/strong>.<\/p>\n<p>Aunque la <strong>Imprenta Municipal<\/strong> fue creada en 1853, el edificio actual en el que se encuentra este museo es posterior. Concretamente, fue construido entre 1931 y 1933 por <strong>Francisco Javier Ferrero Llusi\u00e1<\/strong> y <strong>Luis Bellido<\/strong> siguiendo el estilo racionalista.<\/p>\n<p>Aun as\u00ed, elementos decorativos como los remates de la cornisa, las embocaduras de las ventanas, la farola tubular y la forja de la puerta son <strong>Art Dec\u00f3<\/strong>. Al mismo estilo pertenece la tipograf\u00eda del edificio, en un bonito homenaje a este importante estilo arquitect\u00f3nico y de impresi\u00f3n.<\/p>\n<h2><strong>Fechas de Animaci\u00f3n.es<\/strong><\/h2>\n<p><img loading=\"lazy\" class=\"alignnone wp-image-2319 size-full\" title=\"exposicion animacion madrid\" src=\"https:\/\/oferplan.abc.es\/blog\/wp-content\/uploads\/sites\/10\/2021\/01\/animacion-madrid-picapiedra-1.jpg\" alt=\"Personajes de dibujos animados de Los Picapiedra\" width=\"618\" height=\"278\" \/><\/p>\n<p>La exposici\u00f3n <strong>Animaci\u00f3n.es Una historia en una exposici\u00f3n<\/strong> estar\u00e1 vigente desde el <strong>19 de enero hasta el 13 de abril de 2021.<\/strong><\/p>\n<p>En total cuatro meses en los que poder disfrutar de la historia de la animaci\u00f3n en Espa\u00f1a, tanto del siglo XX como del siglo XXI.<\/p>\n<p>Y, por supuesto, con todas las medidas de seguridad necesarias.<\/p>\n<h2><strong>Horarios y precios de Animaci\u00f3n.es<\/strong><\/h2>\n<p>Una de las grandes ventajas de <strong>Animaci\u00f3n.es Una historia en una exposici\u00f3n <\/strong>es su car\u00e1cter gratuito. Es decir, no tendr\u00e1s que pagar entrada para poder disfrutar de esta fant\u00e1stica exposici\u00f3n.<\/p>\n<p>Adem\u00e1s, cuenta con un amplio horario para que siempre tengas un d\u00eda en el que poder disfrutar de la misma. De martes a domingo, podr\u00e1s visitar esta <strong>exposici\u00f3n en Madrid<\/strong> de 10 a 20 horas.<\/p>\n<p>En total, diez horas cada d\u00eda para disfrutar la historia de la animaci\u00f3n en Espa\u00f1a. Solo los lunes la <strong>Imprenta Municipal-Artes del Libro<\/strong> permanecer\u00e1 cerrada.<\/p>\n<h2><strong>\u00bfC\u00f3mo llegar a Animaci\u00f3n.es: Una historia en una exposici\u00f3n?<\/strong><\/h2>\n<p><strong>Animaci\u00f3n.es Una historia en una exposici\u00f3n<\/strong> es una exposici\u00f3n de la <strong>Imprenta Municipal-Artes del Libro de Madrid<\/strong> en colaboraci\u00f3n el <strong>Museo ABC<\/strong>. La misma se sit\u00faa en dicha imprenta, en pleno centro de Madrid para ser m\u00e1s accesible a cualquier persona que quiera visitarla.<\/p>\n<p>Con autobuses, metro y cercan\u00edas en las inmediaciones, es bastante f\u00e1cil llegar desde cualquier lugar de la ciudad o incluso desde las localidades de los alrededores en transporte p\u00fablico.<\/p>\n<p><strong>Direcci\u00f3n:<\/strong> Calle de Concepci\u00f3n Jer\u00f3nima, 15, 28012 Madrid<\/p>\n<p><strong>Autob\u00fas<\/strong>: 002 (gratuito), 6, 26, 32, 65, N26, M1 y SE712<\/p>\n<p><strong>Metro<\/strong>: Tirso de Molina (L\u00ednea 1), La Latina (L\u00ednea 5), Sol (Cercan\u00edas, L1, L2 y L3)<\/p>\n","protected":false},"excerpt":{"rendered":"<p>Animaci\u00f3n.es: Una historia en una exposici\u00f3n es una de las exposiciones en Madrid m\u00e1s interesantes para este comienzo del a\u00f1o 2021. Se trata de exposici\u00f3n del Museo ABC de Dibujo e Ilustraci\u00f3n que se podr\u00e1 ver en la Imprenta Municipal-Artes del Libro de Madrid hasta el pr\u00f3ximo mes de abril. Una forma perfecta para conocer [&hellip;]<\/p>\n","protected":false},"author":22,"featured_media":2316,"comment_status":"closed","ping_status":"open","sticky":false,"template":"","format":"standard","meta":[],"categories":[4],"tags":[],"amp_enabled":true,"_links":{"self":[{"href":"\/blog\/wp-json\/wp\/v2\/posts\/2311"}],"collection":[{"href":"\/blog\/wp-json\/wp\/v2\/posts"}],"about":[{"href":"\/blog\/wp-json\/wp\/v2\/types\/post"}],"author":[{"embeddable":true,"href":"\/blog\/wp-json\/wp\/v2\/users\/22"}],"replies":[{"embeddable":true,"href":"\/blog\/wp-json\/wp\/v2\/comments?post=2311"}],"version-history":[{"count":4,"href":"\/blog\/wp-json\/wp\/v2\/posts\/2311\/revisions"}],"predecessor-version":[{"id":2322,"href":"\/blog\/wp-json\/wp\/v2\/posts\/2311\/revisions\/2322"}],"wp:featuredmedia":[{"embeddable":true,"href":"\/blog\/wp-json\/wp\/v2\/media\/2316"}],"wp:attachment":[{"href":"\/blog\/wp-json\/wp\/v2\/media?parent=2311"}],"wp:term":[{"taxonomy":"category","embeddable":true,"href":"\/blog\/wp-json\/wp\/v2\/categories?post=2311"},{"taxonomy":"post_tag","embeddable":true,"href":"\/blog\/wp-json\/wp\/v2\/tags?post=2311"}],"curies":[{"name":"wp","href":"https:\/\/api.w.org\/{rel}","templated":true}]}}