{"id":2323,"date":"2021-01-22T09:39:22","date_gmt":"2021-01-22T09:39:22","guid":{"rendered":"https:\/\/oferplan.abc.es\/blog\/?p=2323"},"modified":"2024-05-30T06:44:40","modified_gmt":"2024-05-30T06:44:40","slug":"mazo-madriz","status":"publish","type":"post","link":"\/blog\/conciertos\/mazo-madriz\/","title":{"rendered":"Mazo Madriz, los conciertos vuelven a la capital"},"content":{"rendered":"<p><img loading=\"lazy\" class=\"alignnone wp-image-2358 size-full\" title=\"mazo madriz\" src=\"https:\/\/oferplan.abc.es\/blog\/wp-content\/uploads\/sites\/10\/2021\/01\/cartel-mazo-madriz.jpg\" alt=\"Cartel del Festival Mazo Madriz 2021\" width=\"1920\" height=\"1080\" \/><\/p>\n<p>El <strong>festival Mazo Madriz<\/strong> ofrece conciertos en la sala <strong>Independance Club<\/strong> de diferentes artistas locales. Desde el pasado mes de diciembre hasta marzo de 2021 los amantes de la m\u00fasica podr\u00e1n disfrutar de m\u00fasica en directo dentro de un club, algo que hace meses que no se lograba realizar debido a la pandemia.<\/p>\n<p>Los artistas del cartel llevar\u00e1n las \u00faltimas tendencias en m\u00fasica urbana e indie a todos los interesados que se acerquen hasta la famosa sala de conciertos de la calle Atocha. El \u00e9xito de la iniciativa ha sido tal que ya hay varios conciertos que han colgado el c\u00e1rtel de completos.<\/p>\n<p>Por supuesto, aunque se trate de conciertos en salas, se mantendr\u00e1n todas las medidas COVID, con lo que se podr\u00e1 asistir con toda la seguridad. Por ello, los asistentes estar\u00e1n sentados en diferentes mesas, aunque no por ello el formato de los conciertos ser\u00e1 ac\u00fastico.<\/p>\n<h2><strong>Mazo Madriz, la vuelta a la sala de conciertos<\/strong><\/h2>\n<p><strong>Mazo Madriz<\/strong> surge de la iniciativa de <strong>Javier Dom\u00ednguez<\/strong>, promotor de otros de los cl\u00e1sicos de la capital, <a href=\"https:\/\/www.soundisidro.es\/\" target=\"_blank\" rel=\"noopener noreferrer\"><strong>Sound San Isidro<\/strong><\/a>, que no ha podido realizarse debido a la pandemia.<\/p>\n<p>Comenzando el 30 de diciembre de 2020 y hasta el pr\u00f3ximo 25 de marzo, todos los jueves pondr\u00e1 banda sonora al <a href=\"https:\/\/independanceclub.com\/\" target=\"_blank\" rel=\"noopener noreferrer\"><strong>Independance Club<\/strong><\/a>. Para Dom\u00ednguez el objetivo es que los conciertos volvieran a su h\u00e1bitat natural como son las noches en los clubs.<\/p>\n<p>Durante esta nueva normalidad hemos asistido a otros formatos como las citas en el verm\u00fa que propon\u00eda el <strong>festival Brillante<\/strong>.<\/p>\n<p>Dom\u00ednguez quiere con <strong>Mazo Madriz<\/strong> recuperar las noches para la m\u00fasica, dando un escaparate a grupos menos conocidos de la escena independiente y que necesitan mucho m\u00e1s los conciertos para poder seguir sacando m\u00fasica.<\/p>\n<p>Con un tercio de la capacidad, la facturaci\u00f3n de estos festivales tambi\u00e9n ha disminuido, teniendo que reducir sus ingresos habituales. En <strong>Independance Club<\/strong>, con capacidad normal para 500 personas, solo podr\u00e1n asistir a cada concierto un m\u00e1ximo de 150.<\/p>\n<p>Aun as\u00ed, <strong>Mazo Madriz<\/strong> ha nacido para dar un poco de luz a la escena musical y permitir que los nuevos grupos puedan presentar al p\u00fablico sus trabajos, recuperando la sana costumbre de los conciertos por la noche con todas las medidas necesarias.<\/p>\n<h2><strong>Medidas antiCOVID en Independance Club<\/strong><\/h2>\n<p>Para poder disfrutar de los <strong>conciertos de Mazo Madriz<\/strong> sin ning\u00fan problema, los asistentes se ubicar\u00e1n sentados en diferentes mesas.<\/p>\n<p>Adem\u00e1s, tendr\u00e1n que llevar mascarillas en todo momento y desinfectarse las manos y los zapatos al entrar dentro del <strong>Independance Club<\/strong>.<\/p>\n<p>En total, hay 29 mesas con diferente capacidad: 2, 4 y 6 personas. Hasta cada mesa se acercar\u00e1n los camareros para pedir las diferentes consumiciones. Puede pasar, tal como se indica en las entradas, que toque en la misma mesa a personas que no se conocen.<\/p>\n<p>Gracias a estas medidas, <strong>Mazo Madriz<\/strong> quiere mostrar que es posible retomar los conciertos por la noche de forma totalmente segura, permitiendo a los amantes de la m\u00fasica disfrutar de nuevo de sus actuaciones musicales.<\/p>\n<h2><strong>Cartel de Mazo Madriz<\/strong><\/h2>\n<p>El cartel de <strong>Mazo Madriz<\/strong> trae a 17 artistas emergentes en 14 conciertos diferentes. Desde <strong>Somos La Herencia<\/strong> o <strong>La Parady<\/strong> que dar\u00e1n comienzo al siglo el 30 de diciembre y el 7 de enero, a <strong>Temerario Mario<\/strong> (14 de enero), <strong>Parquesvr<\/strong> u <strong>Ortiga<\/strong>.<\/p>\n<p>Hacemos un repaso por los pr\u00f3ximos conciertos de <strong>Mazo Madrid<\/strong>.<\/p>\n<h3><strong>Futuro Terror<\/strong><\/h3>\n<p><iframe loading=\"lazy\" title=\"FUTURO TERROR | KOMSOMOL | LETRA VIDEO\" width=\"629\" height=\"472\" src=\"https:\/\/www.youtube.com\/embed\/7fuMLWxQha8?feature=oembed\" frameborder=\"0\" allow=\"accelerometer; autoplay; clipboard-write; encrypted-media; gyroscope; picture-in-picture\" allowfullscreen><\/iframe><\/p>\n<p>El pr\u00f3ximo viernes 15 enero es el turno de la banda de pop punk mel\u00f3dico <strong>Futuro Terror<\/strong> que presenta su cuarto \u00e1lbum: <strong>Sangre<\/strong>.<\/p>\n<p>Salido a la luz durante el confinamiento, <strong>Mazo Madriz<\/strong> ser\u00e1 la presentaci\u00f3n de temas como <strong>Komsomol<\/strong>, <strong>Territorio Devastado<\/strong> o <strong>Ma\u00f1ana<\/strong>, que hasta ahora no hab\u00edan podido presentarse en directo.<\/p>\n<h3><strong>Rata Negra<\/strong><\/h3>\n<p><iframe loading=\"lazy\" title=\"RATA NEGRA | EL ESCARMIENTO | VIDEOCLIP\" width=\"629\" height=\"354\" src=\"https:\/\/www.youtube.com\/embed\/ZIGfrjp2UW4?feature=oembed\" frameborder=\"0\" allow=\"accelerometer; autoplay; clipboard-write; encrypted-media; gyroscope; picture-in-picture\" allowfullscreen><\/iframe><\/p>\n<p><strong>Rata Negra<\/strong> actuar\u00e1 el jueves 21 de enero en el que es el concierto m\u00e1s barato del festival, con la entrada a solo 13,50\u20ac.<\/p>\n<p>La banda punk podr\u00e1 presentar su nuevo \u00e1lbum del que hace menos de un mes que conocimos su \u00faltimo adelanto <strong>El escarmiento<\/strong>. Nacido tras la separaci\u00f3n de <strong>Juanita y los Feos<\/strong>, su anterior trabajo ya llam\u00f3 la atenci\u00f3n de la prestigiosa web musical <strong>Stereogum<\/strong>.<\/p>\n<p>Con su nuevo \u00e1lbum pretenden demostrar que han venido para quedarse.<\/p>\n<h3><strong>Menta + Depresi\u00f3n Sonora<\/strong><\/h3>\n<p><iframe loading=\"lazy\" title=\"Depresi\u00f3n Sonora - T\u00fa No Me Tienes Que Salvar (Videoclip)\" width=\"629\" height=\"354\" src=\"https:\/\/www.youtube.com\/embed\/bFyn4iayYDY?feature=oembed\" frameborder=\"0\" allow=\"accelerometer; autoplay; clipboard-write; encrypted-media; gyroscope; picture-in-picture\" allowfullscreen><\/iframe><\/p>\n<p>El jueves 28 de enero tendremos la oportunidad de ver a dos grupos por el precio de uno. <strong>Menta<\/strong> y <strong>Depresi\u00f3n Sonora<\/strong> se han unido para crear uno de los conciertos m\u00e1s interesantes del festival.<\/p>\n<p><img loading=\"lazy\" class=\"alignnone wp-image-2360 size-full\" title=\"mazo madriz\" src=\"https:\/\/oferplan.abc.es\/blog\/wp-content\/uploads\/sites\/10\/2021\/01\/mazo-madriz-menta.jpg\" alt=\"Formaci\u00f3n del grupo de m\u00fasica Menta\" width=\"1024\" height=\"640\" \/><\/p>\n<p><strong>Depresi\u00f3n Sonora<\/strong> presentaba el videoclip de su \u00faltimo tema, T\u00fa No Me Tienes Que Salvar, hace solo un mes, con lo que estamos de nuevo ante la primera oportunidad de verlo sobre el escenario.<\/p>\n<p><iframe loading=\"lazy\" title=\"Menta - El Apartamento (Videoclip)\" width=\"629\" height=\"354\" src=\"https:\/\/www.youtube.com\/embed\/a10s8AbDtww?feature=oembed\" frameborder=\"0\" allow=\"accelerometer; autoplay; clipboard-write; encrypted-media; gyroscope; picture-in-picture\" allowfullscreen><\/iframe><\/p>\n<p><strong>Menta<\/strong>, por su parte, tambi\u00e9n sac\u00f3 m\u00fasica a principios de verano trayendo su sonido dulce e indie al escenario del Independence.<\/p>\n<h3><strong>P\u00e1jaro Sunrise<\/strong><\/h3>\n<p><iframe loading=\"lazy\" title=\"Pajaro Sunrise \/ Yuri M\u00e9ndez - Madrid [Lyric Video]\" width=\"629\" height=\"354\" src=\"https:\/\/www.youtube.com\/embed\/Pj9K1G8F9YU?feature=oembed\" frameborder=\"0\" allow=\"accelerometer; autoplay; clipboard-write; encrypted-media; gyroscope; picture-in-picture\" allowfullscreen><\/iframe><\/p>\n<p>Con 8 a\u00f1os de carrera a sus espaldas, <strong>P\u00e1jaro Sunrise<\/strong> es ya un cl\u00e1sico de la escena independiente madrile\u00f1a.<\/p>\n<p>El jueves 4 de febrero podremos ver en el escenario algunos de sus \u00faltimos temas incluyendo Madrid, parte de la BSO de <strong>El arte de volver<\/strong>, una de las pel\u00edculas espa\u00f1olas m\u00e1s reconocidas del 2020.<\/p>\n<h3><strong>Adrift<\/strong><\/h3>\n<p><iframe loading=\"lazy\" title=\"Adrift - Mist (Official video)\" width=\"629\" height=\"354\" src=\"https:\/\/www.youtube.com\/embed\/wFKBTm37pzs?feature=oembed\" frameborder=\"0\" allow=\"accelerometer; autoplay; clipboard-write; encrypted-media; gyroscope; picture-in-picture\" allowfullscreen><\/iframe><\/p>\n<p>Si estamos interesados en algo m\u00e1s ca\u00f1ero y menos mel\u00f3dico, el jueves 11 de febrero tenemos una cita imprescindible en <strong>Mazo Madriz<\/strong> con <strong>Adrift<\/strong>.<\/p>\n<p>La banda metalera es uno de los grupos m\u00e1s consistentes en el underground de la capital, form\u00e1ndose en el a\u00f1o 1999. Con sus toques de sludge\/post-metal y rock, se trata de la opci\u00f3n m\u00e1s metal que podemos ver en esta edici\u00f3n.<\/p>\n<h3><strong>Vera Fauna<\/strong><\/h3>\n<p><a href=\"https:\/\/aru.vocento.com\/,DanaInfo=youtu.be,SSL+mDuA0xG7Lo0\">https:\/\/youtu.be\/mDuA0xG7Lo0<\/a><\/p>\n<p>Para ver a <strong>Vera Fauna<\/strong> tendremos que esperarnos hasta el jueves 18 de febrero. La banda sevillana psicod\u00e9lica, activa desde 2015, acaba de publicar disco este 2020 as\u00ed como distintas colaboraciones como <strong>Caleta<\/strong> con <strong>Bronquio <\/strong>que fue parte del \u201c<strong>Home feat. J\u00e4germusic<\/strong>\u201d.<\/p>\n<p><strong>Dudas y Flores<\/strong>, su disco de 2020, tendr\u00e1 su oportunidad de brillar en el escenario de la Independance con unos ritmos andaluces que suenan muy californianos. Esta mezcla de pop y psicodelia lo convierten en uno de los grupos m\u00e1s diferentes que tocar\u00e1n en el festival.<\/p>\n<h3><strong>Parquesvr<\/strong><\/h3>\n<p><iframe loading=\"lazy\" title=\"Parquesvr - Satisfyer\" width=\"629\" height=\"354\" src=\"https:\/\/www.youtube.com\/embed\/m7wqyvd6cW4?feature=oembed\" frameborder=\"0\" allow=\"accelerometer; autoplay; clipboard-write; encrypted-media; gyroscope; picture-in-picture\" allowfullscreen><\/iframe><\/p>\n<p>Con un primer disco en 2019, <strong>Talego Quini<\/strong>, <strong>Parquesvr <\/strong>ofrecer\u00e1 su concierto el pr\u00f3ximo jueves 25 de febrero. El grupo, formado por miembros con larga experiencia en otros grupos, ha conseguido algunos temas virales, haci\u00e9ndose famosos en muy poco tiempo.<\/p>\n<p>Su \u00faltimo videoclip, <strong>Satisfayer<\/strong>, que sali\u00f3 el pasado octubre, o su \u00faltimo tema, <strong>Barba esconde<\/strong> <strong>papada<\/strong>, de enero de 2021, muestra el gran punto fuerte del grupo como son sus letras ir\u00f3nicas y llenas de humor.<\/p>\n<h3><strong>Blanco Palamera<\/strong><\/h3>\n<p><iframe loading=\"lazy\" title=\"Blanco Palamera - SOLA CON MI VOZ\" width=\"629\" height=\"354\" src=\"https:\/\/www.youtube.com\/embed\/23hyPdYmrq0?feature=oembed\" frameborder=\"0\" allow=\"accelerometer; autoplay; clipboard-write; encrypted-media; gyroscope; picture-in-picture\" allowfullscreen><\/iframe><\/p>\n<p>Los siguientes en actuar, el jueves 4 de marzo, son <strong>Blanco Palamera<\/strong>. Este d\u00fao de Santiago de Compostela est\u00e1 formado por Manuel Blanco y Xo\u00e1n \u2018Palamera\u2019 Dom\u00ednguez, de donde viene el nombre del grupo.<\/p>\n<p>Su dreampop con toques r&amp;b, de jazz, hiphop y funk, ya ha pasado al mainstream dando lugar a la banda sonora de la serie Valeria de Netflix. Con un disco publicado, Promesas, se trata de una de las bandas que tendr\u00e1n una mayor promoci\u00f3n en los pr\u00f3ximos a\u00f1os.<\/p>\n<h3><strong>Ortiga<\/strong><\/h3>\n<p><iframe loading=\"lazy\" title=\"ORTIGA.  O Solar\" width=\"629\" height=\"354\" src=\"https:\/\/www.youtube.com\/embed\/mW7__r2eRNo?feature=oembed\" frameborder=\"0\" allow=\"accelerometer; autoplay; clipboard-write; encrypted-media; gyroscope; picture-in-picture\" allowfullscreen><\/iframe><\/p>\n<p>La m\u00fasica m\u00e1s urbana llega a <strong>Mazo Madriz<\/strong> el jueves 11 de marzo con <strong>Ortiga<\/strong>. Con ritmos tropicales, el cantante de Santiago de Compostela destaca por la fusi\u00f3n en temas en el que el buen rollo es el protagonista.<\/p>\n<p>Ortiga define su m\u00fasica como \u201cun punto ciego entre la m\u00fasica de verbena, la cumbiatune, el metalcore, el autotune diab\u00f3lico, la salsa y la m\u00fasica latina de baile\u201d. Un c\u00f3ctel explosivo con el que ya lleva publicado tres \u00e1lbumes.<\/p>\n<h3><strong>Mori + Rusowski<\/strong><\/h3>\n<p><iframe loading=\"lazy\" title=\"Mori - q no (espa\u00f1ol)\" width=\"629\" height=\"354\" src=\"https:\/\/www.youtube.com\/embed\/anUTwsvuifA?feature=oembed\" frameborder=\"0\" allow=\"accelerometer; autoplay; clipboard-write; encrypted-media; gyroscope; picture-in-picture\" allowfullscreen><\/iframe><\/p>\n<p><strong>Mori<\/strong> y <strong>Rusowski <\/strong>compartir\u00e1n escenario el jueves 18 de marzo en el que ser\u00e1 el pen\u00faltimo concierto del festival.<\/p>\n<p><strong>Mori <\/strong>alcanz\u00f3 gran popularidad en 2019 gracias a \u00e9xitos como <strong>q no<\/strong>. Solo con tres canciones publicadas en 2019 y cuatro en 2020 el cantante se ha convertido en uno de los m\u00e1s esperados de esta edici\u00f3n.<\/p>\n<p><iframe loading=\"lazy\" title=\"Dolores ft. Ralphie Choo\" width=\"629\" height=\"472\" src=\"https:\/\/www.youtube.com\/embed\/89_jpsbr670?feature=oembed\" frameborder=\"0\" allow=\"accelerometer; autoplay; clipboard-write; encrypted-media; gyroscope; picture-in-picture\" allowfullscreen><\/iframe><\/p>\n<p><strong>Rusowski<\/strong>, por su parte, sac\u00f3 cuatro sencillos en 2019 y cinco en 2020, convirti\u00e9ndose en otro de los nuevos talentos a los que no hay que perder la pista. El concierto conjunto de <strong>Mori<\/strong> y <strong>Rusowski<\/strong> permite descubrir dos de las nuevas voces m\u00e1s importantes de los dos \u00faltimos a\u00f1os.<\/p>\n<h3><strong>Pedro LaDroga<\/strong><\/h3>\n<p><img loading=\"lazy\" class=\"alignnone wp-image-2361 size-full\" title=\"mazo madriz\" src=\"https:\/\/oferplan.abc.es\/blog\/wp-content\/uploads\/sites\/10\/2021\/01\/mazo-madriz-pedro-ladroga.jpg\" alt=\"Pedro LaDroga durante un concierto\" width=\"660\" height=\"335\" \/><\/p>\n<p>Para terminar por todo lo alto, <strong>Mazo Madriz<\/strong> termina el jueves 25 de marzo con un concierto de <strong>Pedro LaDroga<\/strong>. Referente del trap experimental, se trata de una de las voces m\u00e1s diferentes de la escena urbana en la actualidad.<\/p>\n<p>Con un mont\u00f3n de temas que han salido en las \u00faltimas semanas, ha llegado al mainstream colaborando con figuras tan relevantes como <strong>C. Tangana<\/strong>. Con varios discos en el mercado, permite despedir el festival al m\u00e1ximo nivel.<\/p>\n<h2><strong>Horario de los conciertos<\/strong><\/h2>\n<p>Los <strong>conciertos<\/strong>, que se celebrar\u00e1n todos los <strong>jueves<\/strong> a excepci\u00f3n del de <strong>Futuro Terror<\/strong>, que se realizar\u00e1 en viernes, <strong>comenzar\u00e1n a las 20:00 de la tarde<\/strong>.<\/p>\n<p>Tendr\u00e1n una duraci\u00f3n aproximada de dos horas, <strong>terminando a las 22:00 de la noche<\/strong>. El club seguir\u00e1 abierto hasta las 23:00 para aquellos que quieran continuar tomando una copa despu\u00e9s del espect\u00e1culo.<\/p>\n<p>De esta manera, aunque el toque de queda que hay actualmente debido al coronavirus se mantenga, todos los asistentes tendr\u00e1n tiempo de disfrutar del concierto y de volver a casa sin tener que preocuparse por las restricciones horarias.<\/p>\n<h2><strong>Entradas y precios para Mazo Madriz<\/strong><\/h2>\n<p>Los <strong>precios de las<\/strong> <strong>entradas para Mazo Madriz<\/strong> cuestan generalmente <strong>16,50\u20ac.<\/strong> Solo uno de los conciertos, el de <strong>Rata Negra<\/strong>, tiene un precio inferior de <strong>13,50\u20ac.<\/strong><\/p>\n<p>Por otra parte, los conciertos de <strong>Futuro Terror<\/strong>, <strong>Menta + Depresi\u00f3n Sonora<\/strong> y <strong>Mori + Rusoswky<\/strong> tienen un precio de <strong>18,50\u20ac.<\/strong><\/p>\n<p>Precios muy asequibles teniendo en cuenta el escaso aforo con el que contar\u00e1 la sala, con solo 150 personas como m\u00e1ximo. Una manera ideal de ver a nuestros artistas favoritos o conocer otros nuevos por muy poco dinero.<\/p>\n<p>Las entradas pueden adquirirse a trav\u00e9s de <a href=\"https:\/\/dice.fm\/bundle\/mazomadriz\" target=\"_blank\" rel=\"noopener noreferrer\"><strong>Dice<\/strong><\/a>.<\/p>\n<h2><strong>\u00bfC\u00f3mo llegar a Mazo Madriz?<\/strong><\/h2>\n<p><strong>Mazo Madriz<\/strong> se celebra en el <strong>Independance Club<\/strong>. En la esquina de la calle Atocha con el Paseo del Prado, junto a la Plaza Carlos V, no podr\u00eda haber una mejor situaci\u00f3n.<\/p>\n<p>Junto a la estaci\u00f3n de trenes de Atocha, la estaci\u00f3n principal de la ciudad, se trata de un lugar perfecto para acudir tanto desde otras zonas de Madrid como de otras localidades, al poder llegar en tren muy f\u00e1cilmente junto al club de conciertos.<\/p>\n<p>Junto a Atocha, adem\u00e1s, encontramos un gran n\u00famero de autobuses interurbanos por lo que podremos elegir nuestro medio de transporte favorito. Si vamos a acudir en veh\u00edculo privado, tambi\u00e9n hay varios aparcamientos en las inmediaciones, incluyendo el gran parking de la estaci\u00f3n.<\/p>\n<p><strong>Direcci\u00f3n<\/strong>: <strong>Independance Club<\/strong>. Calle de Atocha, 127, 28012 Madrid<\/p>\n<p><strong>Metro<\/strong>: Estaci\u00f3n del Arte (L\u00ednea 1) Estaci\u00f3n de Cercan\u00edas y Larga Distancia de Atocha.<\/p>\n<p><strong>Autob\u00fas<\/strong>: 001 (gratuito), 6, 10, 14, 26, 27, 32, 34, 37, 45, C03, E1, N9, N10, N11, N12, N13, N14, N15, n17, n25 y N26<\/p>\n","protected":false},"excerpt":{"rendered":"<p>El festival Mazo Madriz ofrece conciertos en la sala Independance Club de diferentes artistas locales. Desde el pasado mes de diciembre hasta marzo de 2021 los amantes de la m\u00fasica podr\u00e1n disfrutar de m\u00fasica en directo dentro de un club, algo que hace meses que no se lograba realizar debido a la pandemia. Los artistas [&hellip;]<\/p>\n","protected":false},"author":22,"featured_media":2358,"comment_status":"closed","ping_status":"open","sticky":false,"template":"","format":"standard","meta":[],"categories":[2],"tags":[],"amp_enabled":true,"_links":{"self":[{"href":"\/blog\/wp-json\/wp\/v2\/posts\/2323"}],"collection":[{"href":"\/blog\/wp-json\/wp\/v2\/posts"}],"about":[{"href":"\/blog\/wp-json\/wp\/v2\/types\/post"}],"author":[{"embeddable":true,"href":"\/blog\/wp-json\/wp\/v2\/users\/22"}],"replies":[{"embeddable":true,"href":"\/blog\/wp-json\/wp\/v2\/comments?post=2323"}],"version-history":[{"count":2,"href":"\/blog\/wp-json\/wp\/v2\/posts\/2323\/revisions"}],"predecessor-version":[{"id":2362,"href":"\/blog\/wp-json\/wp\/v2\/posts\/2323\/revisions\/2362"}],"wp:featuredmedia":[{"embeddable":true,"href":"\/blog\/wp-json\/wp\/v2\/media\/2358"}],"wp:attachment":[{"href":"\/blog\/wp-json\/wp\/v2\/media?parent=2323"}],"wp:term":[{"taxonomy":"category","embeddable":true,"href":"\/blog\/wp-json\/wp\/v2\/categories?post=2323"},{"taxonomy":"post_tag","embeddable":true,"href":"\/blog\/wp-json\/wp\/v2\/tags?post=2323"}],"curies":[{"name":"wp","href":"https:\/\/api.w.org\/{rel}","templated":true}]}}