{"id":2379,"date":"2021-01-28T11:42:54","date_gmt":"2021-01-28T11:42:54","guid":{"rendered":"https:\/\/oferplan.abc.es\/blog\/?p=2379"},"modified":"2024-05-30T06:44:40","modified_gmt":"2024-05-30T06:44:40","slug":"sala-berlanga-premios-goya","status":"publish","type":"post","link":"\/blog\/eventos\/sala-berlanga-premios-goya\/","title":{"rendered":"Sala Berlanga: Premios Goya 2021"},"content":{"rendered":"<p>El pr\u00f3ximo 6 de marzo tiene lugar la cita anual m\u00e1s importante del cine espa\u00f1ol: <strong>los Premios Goya<\/strong>.<\/p>\n<p>Con motivo de este galard\u00f3n otorgado por la <strong>Academia de las Artes y las Ciencias Cinematogr\u00e1ficas de Espa\u00f1a<\/strong>, la Sala Berlanga, de la mano de la Fundaci\u00f3n SGAE, vuelve a proyectar una selecci\u00f3n de los t\u00edtulos m\u00e1s se\u00f1alados del a\u00f1o.<\/p>\n<p>Los criterios para la recopilaci\u00f3n que contempla el ciclo de la <strong>Sala Berlanga<\/strong> atienden a la relevancia, originalidad, sentido del riesgo y vocaci\u00f3n autoral de los t\u00edtulos candidatos a la 35\u00aa edici\u00f3n de los Premios Goya.<\/p>\n<p>Dada la cercan\u00eda al D\u00eda Internacional de la Mujer y al <strong>Goya de Honor<\/strong> que recibir\u00e1 este a\u00f1o <strong>\u00c1ngela Molina <\/strong>por toda su trayectoria profesional, se han elegido para este ciclo dos largometrajes protagonizados por la actriz: <em>La mitad del cielo <\/em>(1986), de Manuel Guti\u00e9rrez Arag\u00f3n y <em>Las cosas del querer<\/em> (1989), de Jaime Ch\u00e1varri.<\/p>\n<p>Como novedades este a\u00f1o el <strong>aforo se reduce al 50%<\/strong> para garantizar la salud de los usuarios y contribuir a la contenci\u00f3n del COVID-19 y las <strong>entradas<\/strong> para el <strong>Ciclo Premios Goya 2021<\/strong> en la Sala Berlanga podr\u00e1n adquirirse <strong>exclusivamente en taquilla<\/strong> y a un precio de 3.50 euros.<\/p>\n<h2>Sala Berlanga: Cartelera Premios Goya 2021<\/h2>\n<p><img loading=\"lazy\" class=\"aligncenter wp-image-2384 size-full\" title=\"Sala Berlanga Premios Goya\" src=\"https:\/\/oferplan.abc.es\/blog\/wp-content\/uploads\/sites\/10\/2021\/01\/sala-berlanga-premios-goya-1.jpg\" alt=\"Cartel del Ciclo Premios Goya 2021 en la Sala Berlanga \" width=\"512\" height=\"365\" \/><\/p>\n<p><strong>Viernes 29 de enero<\/strong><\/p>\n<p>12:00 h. La boda de Rosa \/ Ic\u00edar Bolla\u00edn \/ 2020 \/ 99\u2019<br \/>\n17:00 h. Cartas Mojadas \/ Paula Palacios \/ 2020 \/ 81\u2019<br \/>\n19:00 h. My Mexican Bretzel \/ Nuria Gim\u00e9nez \/ 2020 \/ 74\u2019<\/p>\n<p><strong>S\u00e1bado 30 de enero<\/strong><\/p>\n<p>11:00 h. El a\u00f1o del descubrimiento \/ Luis L\u00f3pez Carrasco \/ 2020 \/ 200\u2019<br \/>\n17:00 h. El inconveniente \/ Bernab\u00e9 Rico \/ 2020 \/ 89\u2019<br \/>\n19:00 h. Las ni\u00f1as \/ Pilar Palomero \/ 2020 \/ 99\u2019<\/p>\n<p><strong>Martes 2 de febrero<\/strong><\/p>\n<p>16:30 h. Ad\u00fa \/ Salvador Calvo \/ 2020 \/ 119\u2019<br \/>\n19:00 h. Ane \/ David P\u00e9rez Sa\u00f1udo \/ 2020 \/ 99\u2019<\/p>\n<p><strong>Mi\u00e9rcoles 3 de febrero<\/strong><\/p>\n<p>16:30 h. Sentimental \/ Cesc Gay \/ 2020 \/ 78\u2019<br \/>\n18:30 h. Historias lamentables \/ Javier Fesser \/ 2020 \/ 129\u2019<\/p>\n<p><strong>Jueves 4 de febrero<\/strong><\/p>\n<p>12:00 h. Nieva en Benidorm \/ Isabel Coixet \/ 2020 \/ 117\u2019<br \/>\n16:30 h. Baby \/ Juanma Bajo Ulloa \/ 2020 \/ 104\u2019<br \/>\n19:00 h. Anatom\u00eda de un dandy \/ Charlie Arnaiz y Alberto Ortega \/ 2020 \/ 89\u2019<\/p>\n<p><strong>Viernes 5 de febrero<\/strong><\/p>\n<p>12:00 h. Uno para todos \/ David Ilundain Areso \/ 2020 \/ 90\u2019<br \/>\n17:00 h. Los europeos \/ Victor Garc\u00eda Le\u00f3n \/ 2020 \/ 89\u2019<br \/>\n19:00 h. Akelarre \/ Pablo Ag\u00fcero \/ 2020 \/ 91\u2019<\/p>\n<p><strong>S\u00e1bado 6 de febrero<\/strong><\/p>\n<p>12:00 h. Las ni\u00f1as \/ Pilar Palomero \/ 2020 \/ 99\u2019<br \/>\n17:00 h. Un mundo normal \/ Achero Ma\u00f1as \/ 2019 \/ 103\u2019<br \/>\n19:30 h. El plan \/ Polo Men\u00e1rguez \/ 2020 \/2019 \/ 79\u2019<\/p>\n<p>El resto de la programaci\u00f3n estar\u00e1 disponible pr\u00f3ximamente.<\/p>\n<p><a href=\"http:\/\/www.salaberlanga.com\/\" target=\"_blank\" rel=\"noopener noreferrer\"><strong>Sala Berlanga<\/strong><\/a><br \/>\nCalle de Andr\u00e9s Mellado, 53<br \/>\n28015 Madrid<\/p>\n","protected":false},"excerpt":{"rendered":"<p>El pr\u00f3ximo 6 de marzo tiene lugar la cita anual m\u00e1s importante del cine espa\u00f1ol: los Premios Goya. Con motivo de este galard\u00f3n otorgado por la Academia de las Artes y las Ciencias Cinematogr\u00e1ficas de Espa\u00f1a, la Sala Berlanga, de la mano de la Fundaci\u00f3n SGAE, vuelve a proyectar una selecci\u00f3n de los t\u00edtulos m\u00e1s [&hellip;]<\/p>\n","protected":false},"author":22,"featured_media":2382,"comment_status":"closed","ping_status":"open","sticky":false,"template":"","format":"standard","meta":[],"categories":[4],"tags":[],"amp_enabled":true,"_links":{"self":[{"href":"\/blog\/wp-json\/wp\/v2\/posts\/2379"}],"collection":[{"href":"\/blog\/wp-json\/wp\/v2\/posts"}],"about":[{"href":"\/blog\/wp-json\/wp\/v2\/types\/post"}],"author":[{"embeddable":true,"href":"\/blog\/wp-json\/wp\/v2\/users\/22"}],"replies":[{"embeddable":true,"href":"\/blog\/wp-json\/wp\/v2\/comments?post=2379"}],"version-history":[{"count":4,"href":"\/blog\/wp-json\/wp\/v2\/posts\/2379\/revisions"}],"predecessor-version":[{"id":2385,"href":"\/blog\/wp-json\/wp\/v2\/posts\/2379\/revisions\/2385"}],"wp:featuredmedia":[{"embeddable":true,"href":"\/blog\/wp-json\/wp\/v2\/media\/2382"}],"wp:attachment":[{"href":"\/blog\/wp-json\/wp\/v2\/media?parent=2379"}],"wp:term":[{"taxonomy":"category","embeddable":true,"href":"\/blog\/wp-json\/wp\/v2\/categories?post=2379"},{"taxonomy":"post_tag","embeddable":true,"href":"\/blog\/wp-json\/wp\/v2\/tags?post=2379"}],"curies":[{"name":"wp","href":"https:\/\/api.w.org\/{rel}","templated":true}]}}