{"id":39,"date":"2018-12-27T12:04:26","date_gmt":"2018-12-27T12:04:26","guid":{"rendered":"https:\/\/ms-abc.srv.vocento.in\/oferplanblog\/?p=39"},"modified":"2024-05-30T06:45:26","modified_gmt":"2024-05-30T06:45:26","slug":"cafe-berlin-madrid-directo","status":"publish","type":"post","link":"\/blog\/conciertos\/cafe-berlin-madrid-directo\/","title":{"rendered":"Caf\u00e9 Berl\u00edn Madrid , el lugar ideal para los amantes de la m\u00fasica en directo"},"content":{"rendered":"<p>La industria musical <strong>est\u00e1 avanzando cada vez m\u00e1s. <\/strong><\/p>\n<p>Hoy en d\u00eda pr\u00e1cticamente cada a\u00f1o podemos conocer<strong> <a href=\"https:\/\/www.eslang.es\/festivales\/iza-y-dorian-entre-las-nuevas-confirmaciones-del-contempopranea_20180201-n.html\" target=\"_blank\" rel=\"noopener\">nuevos artistas<\/a><\/strong> que se lanzan a vivir de este arte.<\/p>\n<p>Sin embargo, la mayor\u00eda de ellos tienen estilos similares y la <strong>diversidad musical<\/strong> no es muy variada.<\/p>\n<p>Por ello, los amantes de la m\u00fasica en directo acuden al\u00a0<strong><a href=\"https:\/\/berlincafe.es\/\" target=\"_blank\" rel=\"noopener\">caf\u00e9 Berl\u00edn.\u00a0<\/a><\/strong><\/p>\n<p>Este caf\u00e9 es un <strong>templo de la m\u00fasica en directo<\/strong> y de los grupos y cantantes que est\u00e1n empezando.<\/p>\n<p>Gracias a este espacio muchos artistas pueden darse a conocer y el p\u00fablico puede disfrutar de voces y <strong>m\u00fasica en vivo<\/strong>.<\/p>\n<h2>Un espacio consolidado y destacado en Berl\u00edn<\/h2>\n<div id=\"attachment_44\" style=\"width: 841px\" class=\"wp-caption aligncenter\"><a href=\"\/wp-content\/uploads\/sites\/10\/2018\/12\/cafe-berlin.png\"><img aria-describedby=\"caption-attachment-44\" loading=\"lazy\" class=\"wp-image-44 size-full\" title=\"Caf\u00e9 Berl\u00edn Madrid\" src=\"\/blog\/wp-content\/uploads\/sites\/10\/2018\/12\/cafe-berlin.png\" alt=\"Jorge Marazu en el Caf\u00e9 Berl\u00edn\" width=\"831\" height=\"483\" \/><\/a><p id=\"caption-attachment-44\" class=\"wp-caption-text\">https:\/\/berlincafe.es\/<\/p><\/div>\n<p><strong>Este caf\u00e9 es uno de los enclaves m\u00e1s importantes de Madrid<\/strong> siendo un epicentro destacado durante varias d\u00e9cadas de la mejor m\u00fasica en directo.<\/p>\n<p><strong>Las noches eternas de actuaciones<\/strong> y buena m\u00fasica han hecho disfrutar a miles de personas a lo largo de la historia.<\/p>\n<p>Adem\u00e1s, este lugar ha sido una de las guaridas protectoras de los g\u00e9neros musicales minoritarios.<\/p>\n<p style=\"text-align: center\"><a href=\"https:\/\/oferplan.abc.es\/ofertas-conciertos\/cafe-berlin\/\" class=\"btn btn-primary btn-large\"> Conciertos Caf\u00e9 Berl\u00edn <\/a>\n<p>Sin lugar a dudas, el que m\u00e1s le representa es el\u00a0<em>jazz\u00a0<\/em>por lo que si eres un amante de este estilo, no dudes en tener este lugar en cuenta para disfrutarlo.<\/p>\n<p>Pero\u00a0<strong>los amantes del flamenco\u00a0<\/strong>tambi\u00e9n tienen cabida en este teatro ya que los mejores bailaores y cantaores\u00a0han pasado por su escenario, deleitando con el arte m\u00e1s espa\u00f1ol al p\u00fablico de cada espect\u00e1culo.<\/p>\n<p><iframe loading=\"lazy\" width=\"629\" height=\"354\" src=\"https:\/\/www.youtube.com\/embed\/ajbo4wGBp38?feature=oembed\" frameborder=\"0\" allow=\"accelerometer; autoplay; encrypted-media; gyroscope; picture-in-picture\" allowfullscreen><\/iframe><\/p>\n<p>Sin embargo, y ante la diversificaci\u00f3n del p\u00fablico de este teatro, se ha dado cobertura a otros estilos m\u00e1s populares como el pop, el blues, <strong>el<em> soul,<\/em> el <em>swing<\/em> o el <em>funk<\/em>.<\/strong><\/p>\n<p>No obstante, no cualquiera tiene las puertas de este templo de la<strong> m\u00fasica abiertas.<\/strong> Se exige una calidad musical y vocal notoria para poder ponerse delante del p\u00fablico que acuda.<\/p>\n<p>Por esta raz\u00f3n, la reputaci\u00f3n del caf\u00e9 Berl\u00edn\u00a0se define por la calidad, la exigencia y la <strong>exquisitez de los artistas invitados.<\/strong><\/p>\n<h2>Un aforo reducido para un disfrute mayor<\/h2>\n<p><iframe loading=\"lazy\" width=\"629\" height=\"354\" src=\"https:\/\/www.youtube.com\/embed\/GXXGi86Cips?feature=oembed\" frameborder=\"0\" allow=\"accelerometer; autoplay; encrypted-media; gyroscope; picture-in-picture\" allowfullscreen><\/iframe><\/p>\n<p>Frente al aforo que ofrecen otras salas, este caf\u00e9 no es de los m\u00e1s grandes.<\/p>\n<p>Sin embargo, esto encaja con la <strong>filosof\u00eda del lugar<\/strong> basada en un ambiente \u00edntimo donde la m\u00fasica y las emociones se concentren creando un aura y entorno envolvente para todo el que acuda.<\/p>\n<p style=\"text-align: center\"><a href=\"https:\/\/oferplan.abc.es\/ofertas-conciertos\/cafe-berlin\/\" class=\"btn btn-primary btn-large\"> Pr\u00f3ximos conciertos en el Caf\u00e9 Berl\u00edn <\/a>\n<p>Caben<strong> 250 personas en el nuevo Berl\u00edn<\/strong> ya que el lugar tuvo que mudarse para poder dar cabida a m\u00e1s personas adem\u00e1s de para mejorar la calidad sonora del local.<\/p>\n<p>Todo ello sin perder la cercan\u00eda <strong>entre artista y espectador<\/strong> que tan buen ambiente crea a la hora de escuchar m\u00fasica en directo.<\/p>\n<h2>Renovaci\u00f3n y nuevas facetas<\/h2>\n<p>Quienes regentan esta sala est\u00e1n <strong>completamente comprometido<\/strong>s con los inicios del mismo y con mantener la esencia del lugar.<\/p>\n<p>Pero claro, han<strong> evolucionado para mantener<\/strong> esto a la vez que se adaptan a las nuevas necesidades del p\u00fablico y a la evoluci\u00f3n de los gustos musicales.<\/p>\n<p>Por este motivo, adem\u00e1s de ser una de las salas m\u00e1s \u00edntimas y acogedoras donde disfrutar de la m\u00fasica en directo, tambi\u00e9n act\u00faa como club.<\/p>\n<p>Ya en sus inicios tuvo una gran fama por ser el lugar de las noches interminables de m\u00fasica y baile y el nuevo Berl\u00edn\u00a0lo ha recuperado de la mejor forma posible.<\/p>\n<p>Todos los estilos de m\u00fasica se congregan entre sus paredes ofreciendo la actuaci\u00f3n de los DJ&#8217;s m\u00e1s prestigiosos del panorama musical actual. Por ello, quien acude a uno de los conciertos en vivo puede quedarse a disfrutar de una noche desenfrenada llena de diversi\u00f3n y, c\u00f3mo no, buena m\u00fasica.<\/p>\n<p>Todo ello, claro est\u00e1, pudiendo bailar en una de las pistas de baile m\u00e1s emblem\u00e1ticas de la noche madrile\u00f1a. Por tanto, si eres un amante de las fiestas nocturnas sin fin tienes una cita inaplazable con el Caf\u00e9 Berl\u00edn en la calle Costanilla de los \u00c1ngeles n\u00famero 20.<\/p>\n<h2>\u00bfPor qu\u00e9 es un lugar tan emblem\u00e1tico?<\/h2>\n<p><a href=\"\/wp-content\/uploads\/sites\/10\/2018\/12\/cafe-berlin.jpg\"><br \/>\n<\/a><a href=\"\/wp-content\/uploads\/sites\/10\/2018\/12\/cafe-berlin.jpg\"><img loading=\"lazy\" class=\"alignnone wp-image-48 size-full\" title=\"Caf\u00e9 Berl\u00edn Madrid programaci\u00f3n\" src=\"\/blog\/wp-content\/uploads\/sites\/10\/2018\/12\/cafe-berlin.jpg\" alt=\"Escenario del Caf\u00e9 Berl\u00edn\" width=\"604\" height=\"270\" \/><\/a><a href=\"https:\/\/berlincafe.es\/info-sala\/el-berlin\/\">Este\u00a0local se ha convertido en un lugar clave<\/a> donde artistas conocidos y no tan conocidos se han congregado para actuar.<\/p>\n<p>Esto ya le dio el distintivo de<strong> lugar ideal<\/strong> para disfrutar de m\u00fasica en directo pero con un ambiente diferente.<\/p>\n<p><strong>Ni escenario demasiado en alto ni separaci\u00f3n estricta entre artistas y espectadores.<\/strong><\/p>\n<p>Esta cercan\u00eda se juntaba al<strong> placer de la m\u00fasica en directo<\/strong> dando lugar a actuaciones mucho m\u00e1s c\u00f3modas para el artista y personales para los espectadores.<\/p>\n<p>Por ello, se decidi\u00f3 trasladar e<strong>l caf\u00e9 a un lugar m\u00e1s grande y mejor acondicionado<\/strong>, sin poner en riesgo la calidad sonora de la sala.<\/p>\n<p>Esta sala es una <strong>superficie de 500 metros cuadrados y el aforo total y concreto es de 254 personas<\/strong>.<\/p>\n<p>El escenario mide unos<strong> 30 metros cuadrados<\/strong> por lo que los espectadores se encuentran en una localizaci\u00f3n cercana que les permite observar a los cantantes de cerca como en ning\u00fan otro lugar.<\/p>\n<p>Otro factor importante es la adaptaci\u00f3n a las necesidades m\u00e1s actuales.<\/p>\n<p>La sala cuenta con una <strong>zona de venta de\u00a0<em>merchandising<\/em><\/strong><em>\u00a0<\/em>de las estrellas invitadas y dos barras independientes donde poder pedir una bebida y disfrutar c\u00f3modamente del espect\u00e1culo.<\/p>\n<h2>Un templo para todos<\/h2>\n<h2><\/h2>\n<div id=\"attachment_50\" style=\"width: 639px\" class=\"wp-caption alignnone\"><img aria-describedby=\"caption-attachment-50\" loading=\"lazy\" class=\"wp-image-50 size-large\" title=\"Caf\u00e9 Berl\u00edn Madrid direcci\u00f3n\" src=\"\/blog\/wp-content\/uploads\/sites\/10\/2018\/12\/antiguo-cafe-berlin-1024x683.jpg\" alt=\"antiguo cafe berlin\" width=\"629\" height=\"420\" \/><p id=\"caption-attachment-50\" class=\"wp-caption-text\">antiguo cafe berlin<\/p><\/div>\n<p>As\u00ed pues, este caf\u00e9 se ha convertido, en el punto de congregaci\u00f3n de grandes artistas de todos los g\u00e9neros y de su p\u00fablico.<\/p>\n<p>No obstante, nada habla mejor de la relevancia del lugar que los <strong>artistas m\u00e1s destacados que han pasado por su escenario<\/strong><\/p>\n<p>As\u00ed pues, vamos a hacerte un peque\u00f1o repaso para que entiendas la relevancia real del lugar.<\/p>\n<h2>Artistas flamencos<\/h2>\n<p><iframe loading=\"lazy\" width=\"629\" height=\"354\" src=\"https:\/\/www.youtube.com\/embed\/tLF-oALvPkI?feature=oembed\" frameborder=\"0\" allow=\"accelerometer; autoplay; encrypted-media; gyroscope; picture-in-picture\" allowfullscreen><\/iframe><\/p>\n<p>Desde Pepe Habichuela hasta Estrella Morente\u00a0han pisado las tablas de su escenario. Todo ello pasando por el Capullo de Jerez, Lole Montoya, La Fabi\u00a0y Josemi Carmona entre muchos otros.<\/p>\n<h2>Jazz<\/h2>\n<p>Los amantes de este g\u00e9nero han podido deleitarse en esta sala de las actuaciones de Jorge Pardo, Marc Guiliana, Avishai Cohen o Arto Lindsay.<\/p>\n<p>Compra tus entradas ya<\/p>\n<p>Ahora que sabes todo sobre esta sala, seguro que est\u00e1s deseando acudir y vivir en primera persona la intensidad de las actuaciones que ofrece. Pues bien, <strong>puedes comprar sus entradas a trav\u00e9s de su p\u00e1gina web y acceder a la programaci\u00f3n <\/strong>para saber los pr\u00f3ximos artistas invitados y las fechas en las que actuar\u00e1n.<\/p>\n<p>As\u00ed pues,\u00a0<strong>no lo dudes m\u00e1s y acude al caf\u00e9 Berl\u00edn\u00a0<\/strong>para vivir una experiencia sin igual.<\/p>\n<h2>Direcci\u00f3n del Caf\u00e9 Berl\u00edn en Madrid<\/h2>\n<p>Puedes encontrar el Caf\u00e9 Berl\u00edn en\u00a0 la calle <strong>Costanilla de los \u00c1ngeles, 20, 28013 Madrid.<\/strong><\/p>\n\n<!-- iframe plugin v.4.5 wordpress.org\/plugins\/iframe\/ -->\n<iframe src=\"https:\/\/www.google.com\/maps\/embed?pb=!1m18!1m12!1m3!1d3037.5152436733497!2d-3.710131684198004!3d40.41958847936481!2m3!1f0!2f0!3f0!3m2!1i1024!2i768!4f13.1!3m3!1m2!1s0xd42287c62442a93%3A0xab24b6644fdcfe72!2zQ2Fmw6kgQmVybMOtbg!5e0!3m2!1ses!2ses!4v1545992882497\" width=\"600\" height=\"450\" frameborder=\"0\" style=\"border:0\" 0=\"allowfullscreen\" scrolling=\"yes\" class=\"iframe-class\"><\/iframe>\n\n<h2>Programaci\u00f3n del Caf\u00e9 Berl\u00edn<\/h2>\n<p>Si quieres consultar la <strong>programaci\u00f3n del Caf\u00e9 Berl\u00edn\u00a0\u00a0<\/strong>y disfrutar de sus conciertos, te <a href=\"http:\/\/berlincafe.es\/programacion\/\">recomendamos que la consultes aqu\u00ed.<\/a><\/p>\n<p>Y, por supuesto, si quieres beneficiarte de algunos de nuestros conciertos exlusivos en el Berl\u00edn, consulta <a href=\"https:\/\/oferplan.abc.es\/ofertas-conciertos\/cafe-berlin\/\">todos los conciertos de los que disponemos.<\/a><\/p>\n<p><a href=\"https:\/\/oferplan.abc.es\/ofertas-conciertos\/cafe-berlin\/\"><img loading=\"lazy\" class=\"aligncenter wp-image-88 size-full\" title=\"conciertos caf\u00e9 berl\u00edn\" src=\"\/blog\/wp-content\/uploads\/sites\/10\/2018\/12\/eNTRADAS-CAF\u00c9-BERL\u00cdN.jpg\" alt=\"banner con cta caf\u00e9 berl\u00edn\" width=\"820\" height=\"312\" \/><\/a><\/p>\n","protected":false},"excerpt":{"rendered":"<p>La industria musical est\u00e1 avanzando cada vez m\u00e1s. Hoy en d\u00eda pr\u00e1cticamente cada a\u00f1o podemos conocer nuevos artistas que se lanzan a vivir de este arte. Sin embargo, la mayor\u00eda de ellos tienen estilos similares y la diversidad musical no es muy variada. Por ello, los amantes de la m\u00fasica en directo acuden al\u00a0caf\u00e9 Berl\u00edn.\u00a0 [&hellip;]<\/p>\n","protected":false},"author":22,"featured_media":201,"comment_status":"closed","ping_status":"open","sticky":false,"template":"","format":"standard","meta":[],"categories":[2],"tags":[],"amp_enabled":true,"_links":{"self":[{"href":"\/blog\/wp-json\/wp\/v2\/posts\/39"}],"collection":[{"href":"\/blog\/wp-json\/wp\/v2\/posts"}],"about":[{"href":"\/blog\/wp-json\/wp\/v2\/types\/post"}],"author":[{"embeddable":true,"href":"\/blog\/wp-json\/wp\/v2\/users\/22"}],"replies":[{"embeddable":true,"href":"\/blog\/wp-json\/wp\/v2\/comments?post=39"}],"version-history":[{"count":33,"href":"\/blog\/wp-json\/wp\/v2\/posts\/39\/revisions"}],"predecessor-version":[{"id":109,"href":"\/blog\/wp-json\/wp\/v2\/posts\/39\/revisions\/109"}],"wp:featuredmedia":[{"embeddable":true,"href":"\/blog\/wp-json\/wp\/v2\/media\/201"}],"wp:attachment":[{"href":"\/blog\/wp-json\/wp\/v2\/media?parent=39"}],"wp:term":[{"taxonomy":"category","embeddable":true,"href":"\/blog\/wp-json\/wp\/v2\/categories?post=39"},{"taxonomy":"post_tag","embeddable":true,"href":"\/blog\/wp-json\/wp\/v2\/tags?post=39"}],"curies":[{"name":"wp","href":"https:\/\/api.w.org\/{rel}","templated":true}]}}